{"id":7227,"date":"2021-12-03T23:59:14","date_gmt":"2021-12-03T21:59:14","guid":{"rendered":"https:\/\/paliodeplata.com\/tienda\/?p=7227"},"modified":"2021-12-03T23:59:14","modified_gmt":"2021-12-03T21:59:14","slug":"informacion-excursion-candelaria-2021","status":"publish","type":"post","link":"https:\/\/paliodeplata.com\/tienda\/blog\/informacion-excursion-candelaria-2021\/","title":{"rendered":"Informaci\u00f3n excursi\u00f3n Candelaria 2021"},"content":{"rendered":"<h2><strong>Horario e itinerario Salida Extraordinaria Mar\u00eda Sant\u00edsima de la Candelaria\u00a0<\/strong><strong>Sevilla<\/strong><\/h2>\n<p><strong>A las 15.00h<\/strong> se abrir\u00e1n las puertas de la Iglesia de San Nicol\u00e1s de Bari y dar\u00e1 comienzo la procesi\u00f3n extraordinaria con motivo del centenario fundacional. Algunos puntos a destacar como la <strong>visita a Palacio Arzobispal<\/strong> entorno a las 18.15h, y en el <strong>Ayuntamiento<\/strong> ser\u00e1 recibida a las 19.45h. Desde Diario de Sevilla tambi\u00e9n nos recomiendan ver discurrir a Mar\u00eda Sant\u00edsima de la Candelaria por los Jardines de Murillo, la visita al Convento de Madre De Dios o su llegada a la Alfalfa.<\/p>\n<p><img loading=\"lazy\" decoding=\"async\" class=\"aligncenter size-medium wp-image-7229\" src=\"https:\/\/paliodeplata.com\/tienda\/wp-content\/uploads\/sites\/9\/2021\/12\/06D4F137-8CE6-43F1-A721-F1B21E5DD43B-295x300.jpeg\" alt=\"\" width=\"295\" height=\"300\" srcset=\"https:\/\/paliodeplata.com\/tienda\/wp-content\/uploads\/sites\/9\/2021\/12\/06D4F137-8CE6-43F1-A721-F1B21E5DD43B-295x300.jpeg 295w, https:\/\/paliodeplata.com\/tienda\/wp-content\/uploads\/sites\/9\/2021\/12\/06D4F137-8CE6-43F1-A721-F1B21E5DD43B-555x563.jpeg 555w, https:\/\/paliodeplata.com\/tienda\/wp-content\/uploads\/sites\/9\/2021\/12\/06D4F137-8CE6-43F1-A721-F1B21E5DD43B.jpeg 590w\" sizes=\"auto, (max-width: 295px) 100vw, 295px\" \/><\/p>\n<p><strong>Itinerario:<\/strong> parroquia de San Nicol\u00e1s, San Jos\u00e9, Cano y Cueto, Jardines de Murillo, Paseo Catalina de Rivera, San Fernando, San Gregorio, plaza de la Contrataci\u00f3n, Miguel de Ma\u00f1ara, plaza del Triunfo, plaza Virgen de los Reyes, Palacio Arzobispal (recepci\u00f3n por el arzobispo de Sevilla), Cardenal Amigo Vallejo, Alemanes, avenida de la Constituci\u00f3n, Plaza Nueva, Ayuntamiento (recepci\u00f3n por la Corporaci\u00f3n municipal), Granada, Entrec\u00e1rceles, \u00c1lvarez Quintero, Cuesta del Rosario, \u00c1ngel Mar\u00eda Camacho, plaza de la Alfalfa, \u00c1guilas, Mu\u00f1oz y Pab\u00f3n y Iglesia de San Nicol\u00e1s.<\/p>\n<p>El acompa\u00f1amiento musical correr\u00e1 a cargo de la <strong>Banda de M\u00fasica de\u00a0<\/strong><strong>la<\/strong> <strong>Cruz Roja de Sevilla<\/strong>, como de costumbre. Durante la procesi\u00f3n se estrenar\u00e1 la marcha Pasa la Virgen de la Candelaria.<\/p>\n<h3><strong>Mar\u00eda Sant\u00edsima de la Candelaria<\/strong><\/h3>\n<p>Su advocaci\u00f3n, Candelaria, tiene un hondo significado en la historia del cristianismo, pues est\u00e1 relacionada directamente con la fiesta de la Purificaci\u00f3n de Nuestra Se\u00f1ora, que en la tradici\u00f3n b\u00edblica se fijaba a los cuarenta d\u00edas del parto, que trasladada al calendario se verifica cada 2 de febrero, d\u00eda en el que tambi\u00e9n tiene lugar la Presentaci\u00f3n de Jes\u00fas en el templo, momento en que es recibido por el anciano Sime\u00f3n para que se cumpliera la profec\u00eda. La ofrenda de dos palomas que hicieron Jes\u00fas y Mar\u00eda como familia humilde tiene su traslaci\u00f3n simb\u00f3lica a su paso procesional, pues son palomas las que rematan su original paso de palio entonado en azul y plata.<\/p>\n","protected":false},"excerpt":{"rendered":"<p>Horario e itinerario Salida Extraordinaria Mar\u00eda Sant\u00edsima de la Candelaria\u00a0Sevilla A las 15.00h se abrir\u00e1n las puertas de la Iglesia de San Nicol\u00e1s de Bari y dar\u00e1 comienzo la procesi\u00f3n extraordinaria con motivo del centenario fundacional. Algunos puntos a destacar como la visita a Palacio Arzobispal entorno a las 18.15h, y en el Ayuntamiento ser\u00e1 [&hellip;]<\/p>\n","protected":false},"author":1,"featured_media":7228,"comment_status":"open","ping_status":"open","sticky":false,"template":"","format":"standard","meta":{"_exactmetrics_skip_tracking":false,"_exactmetrics_sitenote_active":false,"_exactmetrics_sitenote_note":"","_exactmetrics_sitenote_category":0,"footnotes":""},"categories":[24],"tags":[69,45],"ppma_author":[67],"class_list":["post-7227","post","type-post","status-publish","format-standard","has-post-thumbnail","hentry","category-blog","tag-candelaria","tag-excursion"],"yoast_head":"<!-- This site is optimized with the Yoast SEO plugin v26.9 - https:\/\/yoast.com\/product\/yoast-seo-wordpress\/ -->\n<title>Informaci\u00f3n excursi\u00f3n Candelaria 2021 - Tienda<\/title>\n<meta name=\"robots\" content=\"index, follow, max-snippet:-1, max-image-preview:large, max-video-preview:-1\" \/>\n<link rel=\"canonical\" href=\"https:\/\/paliodeplata.com\/tienda\/blog\/informacion-excursion-candelaria-2021\/\" \/>\n<meta property=\"og:locale\" content=\"es_ES\" \/>\n<meta property=\"og:type\" content=\"article\" \/>\n<meta property=\"og:title\" content=\"Informaci\u00f3n excursi\u00f3n Candelaria 2021 - Tienda\" \/>\n<meta property=\"og:description\" content=\"Horario e itinerario Salida Extraordinaria Mar\u00eda Sant\u00edsima de la Candelaria\u00a0Sevilla A las 15.00h se abrir\u00e1n las puertas de la Iglesia de San Nicol\u00e1s de Bari y dar\u00e1 comienzo la procesi\u00f3n extraordinaria con motivo del centenario fundacional. Algunos puntos a destacar como la visita a Palacio Arzobispal entorno a las 18.15h, y en el Ayuntamiento ser\u00e1 [&hellip;]\" \/>\n<meta property=\"og:url\" content=\"https:\/\/paliodeplata.com\/tienda\/blog\/informacion-excursion-candelaria-2021\/\" \/>\n<meta property=\"og:site_name\" content=\"Tienda\" \/>\n<meta property=\"article:published_time\" content=\"2021-12-03T21:59:14+00:00\" \/>\n<meta property=\"og:image\" content=\"https:\/\/paliodeplata.com\/tienda\/wp-content\/uploads\/sites\/9\/2021\/12\/1100768A-8182-4B01-8223-F45C9A4687EE.jpeg\" \/>\n\t<meta property=\"og:image:width\" content=\"1024\" \/>\n\t<meta property=\"og:image:height\" content=\"768\" \/>\n\t<meta property=\"og:image:type\" content=\"image\/jpeg\" \/>\n<meta name=\"author\" content=\"Pablo Reyes\" \/>\n<meta name=\"twitter:card\" content=\"summary_large_image\" \/>\n<meta name=\"twitter:label1\" content=\"Escrito por\" \/>\n\t<meta name=\"twitter:data1\" content=\"Pablo Reyes\" \/>\n\t<meta name=\"twitter:label2\" content=\"Tiempo de lectura\" \/>\n\t<meta name=\"twitter:data2\" content=\"2 minutos\" \/>\n<script type=\"application\/ld+json\" class=\"yoast-schema-graph\">{\"@context\":\"https:\/\/schema.org\",\"@graph\":[{\"@type\":\"Article\",\"@id\":\"https:\/\/paliodeplata.com\/tienda\/blog\/informacion-excursion-candelaria-2021\/#article\",\"isPartOf\":{\"@id\":\"https:\/\/paliodeplata.com\/tienda\/blog\/informacion-excursion-candelaria-2021\/\"},\"author\":{\"name\":\"Pablo Reyes\",\"@id\":\"https:\/\/paliodeplata.com\/tienda\/#\/schema\/person\/01d58d0c8321ef3f79c346e762a33871\"},\"headline\":\"Informaci\u00f3n excursi\u00f3n Candelaria 2021\",\"datePublished\":\"2021-12-03T21:59:14+00:00\",\"mainEntityOfPage\":{\"@id\":\"https:\/\/paliodeplata.com\/tienda\/blog\/informacion-excursion-candelaria-2021\/\"},\"wordCount\":374,\"commentCount\":0,\"image\":{\"@id\":\"https:\/\/paliodeplata.com\/tienda\/blog\/informacion-excursion-candelaria-2021\/#primaryimage\"},\"thumbnailUrl\":\"https:\/\/paliodeplata.com\/tienda\/wp-content\/uploads\/sites\/9\/2021\/12\/1100768A-8182-4B01-8223-F45C9A4687EE.jpeg\",\"keywords\":[\"candelaria\",\"excursion\"],\"articleSection\":[\"Blog\"],\"inLanguage\":\"es\",\"potentialAction\":[{\"@type\":\"CommentAction\",\"name\":\"Comment\",\"target\":[\"https:\/\/paliodeplata.com\/tienda\/blog\/informacion-excursion-candelaria-2021\/#respond\"]}]},{\"@type\":\"WebPage\",\"@id\":\"https:\/\/paliodeplata.com\/tienda\/blog\/informacion-excursion-candelaria-2021\/\",\"url\":\"https:\/\/paliodeplata.com\/tienda\/blog\/informacion-excursion-candelaria-2021\/\",\"name\":\"Informaci\u00f3n excursi\u00f3n Candelaria 2021 - Tienda\",\"isPartOf\":{\"@id\":\"https:\/\/paliodeplata.com\/tienda\/#website\"},\"primaryImageOfPage\":{\"@id\":\"https:\/\/paliodeplata.com\/tienda\/blog\/informacion-excursion-candelaria-2021\/#primaryimage\"},\"image\":{\"@id\":\"https:\/\/paliodeplata.com\/tienda\/blog\/informacion-excursion-candelaria-2021\/#primaryimage\"},\"thumbnailUrl\":\"https:\/\/paliodeplata.com\/tienda\/wp-content\/uploads\/sites\/9\/2021\/12\/1100768A-8182-4B01-8223-F45C9A4687EE.jpeg\",\"datePublished\":\"2021-12-03T21:59:14+00:00\",\"author\":{\"@id\":\"https:\/\/paliodeplata.com\/tienda\/#\/schema\/person\/01d58d0c8321ef3f79c346e762a33871\"},\"breadcrumb\":{\"@id\":\"https:\/\/paliodeplata.com\/tienda\/blog\/informacion-excursion-candelaria-2021\/#breadcrumb\"},\"inLanguage\":\"es\",\"potentialAction\":[{\"@type\":\"ReadAction\",\"target\":[\"https:\/\/paliodeplata.com\/tienda\/blog\/informacion-excursion-candelaria-2021\/\"]}]},{\"@type\":\"ImageObject\",\"inLanguage\":\"es\",\"@id\":\"https:\/\/paliodeplata.com\/tienda\/blog\/informacion-excursion-candelaria-2021\/#primaryimage\",\"url\":\"https:\/\/paliodeplata.com\/tienda\/wp-content\/uploads\/sites\/9\/2021\/12\/1100768A-8182-4B01-8223-F45C9A4687EE.jpeg\",\"contentUrl\":\"https:\/\/paliodeplata.com\/tienda\/wp-content\/uploads\/sites\/9\/2021\/12\/1100768A-8182-4B01-8223-F45C9A4687EE.jpeg\",\"width\":1024,\"height\":768},{\"@type\":\"BreadcrumbList\",\"@id\":\"https:\/\/paliodeplata.com\/tienda\/blog\/informacion-excursion-candelaria-2021\/#breadcrumb\",\"itemListElement\":[{\"@type\":\"ListItem\",\"position\":1,\"name\":\"Portada\",\"item\":\"https:\/\/paliodeplata.com\/tienda\/\"},{\"@type\":\"ListItem\",\"position\":2,\"name\":\"Informaci\u00f3n excursi\u00f3n Candelaria 2021\"}]},{\"@type\":\"WebSite\",\"@id\":\"https:\/\/paliodeplata.com\/tienda\/#website\",\"url\":\"https:\/\/paliodeplata.com\/tienda\/\",\"name\":\"Tienda\",\"description\":\"Palio de Plata\",\"potentialAction\":[{\"@type\":\"SearchAction\",\"target\":{\"@type\":\"EntryPoint\",\"urlTemplate\":\"https:\/\/paliodeplata.com\/tienda\/?s={search_term_string}\"},\"query-input\":{\"@type\":\"PropertyValueSpecification\",\"valueRequired\":true,\"valueName\":\"search_term_string\"}}],\"inLanguage\":\"es\"},{\"@type\":\"Person\",\"@id\":\"https:\/\/paliodeplata.com\/tienda\/#\/schema\/person\/01d58d0c8321ef3f79c346e762a33871\",\"name\":\"Pablo Reyes\",\"image\":{\"@type\":\"ImageObject\",\"inLanguage\":\"es\",\"@id\":\"https:\/\/paliodeplata.com\/tienda\/#\/schema\/person\/image\/13dcd76db099b19363aaec579beb1edc\",\"url\":\"https:\/\/secure.gravatar.com\/avatar\/b062b4c37d5cc64871bb98f7c1b57fe4e036cfd0784b30c21f5b2c8fe63c2bc7?s=96&d=mm&r=g\",\"contentUrl\":\"https:\/\/secure.gravatar.com\/avatar\/b062b4c37d5cc64871bb98f7c1b57fe4e036cfd0784b30c21f5b2c8fe63c2bc7?s=96&d=mm&r=g\",\"caption\":\"Pablo Reyes\"},\"description\":\"Presidente de la Asociaci\u00f3n Cultural Palio de Plata. Fot\u00f3grafo y en proceso de ingeniero\",\"sameAs\":[\"https:\/\/www.instagram.com\/zehcnassurfero\"],\"url\":\"https:\/\/paliodeplata.com\/tienda\/author\/pablo\/\"}]}<\/script>\n<!-- \/ Yoast SEO plugin. -->","yoast_head_json":{"title":"Informaci\u00f3n excursi\u00f3n Candelaria 2021 - Tienda","robots":{"index":"index","follow":"follow","max-snippet":"max-snippet:-1","max-image-preview":"max-image-preview:large","max-video-preview":"max-video-preview:-1"},"canonical":"https:\/\/paliodeplata.com\/tienda\/blog\/informacion-excursion-candelaria-2021\/","og_locale":"es_ES","og_type":"article","og_title":"Informaci\u00f3n excursi\u00f3n Candelaria 2021 - Tienda","og_description":"Horario e itinerario Salida Extraordinaria Mar\u00eda Sant\u00edsima de la Candelaria\u00a0Sevilla A las 15.00h se abrir\u00e1n las puertas de la Iglesia de San Nicol\u00e1s de Bari y dar\u00e1 comienzo la procesi\u00f3n extraordinaria con motivo del centenario fundacional. Algunos puntos a destacar como la visita a Palacio Arzobispal entorno a las 18.15h, y en el Ayuntamiento ser\u00e1 [&hellip;]","og_url":"https:\/\/paliodeplata.com\/tienda\/blog\/informacion-excursion-candelaria-2021\/","og_site_name":"Tienda","article_published_time":"2021-12-03T21:59:14+00:00","og_image":[{"width":1024,"height":768,"url":"https:\/\/paliodeplata.com\/tienda\/wp-content\/uploads\/sites\/9\/2021\/12\/1100768A-8182-4B01-8223-F45C9A4687EE.jpeg","type":"image\/jpeg"}],"author":"Pablo Reyes","twitter_card":"summary_large_image","twitter_misc":{"Escrito por":"Pablo Reyes","Tiempo de lectura":"2 minutos"},"schema":{"@context":"https:\/\/schema.org","@graph":[{"@type":"Article","@id":"https:\/\/paliodeplata.com\/tienda\/blog\/informacion-excursion-candelaria-2021\/#article","isPartOf":{"@id":"https:\/\/paliodeplata.com\/tienda\/blog\/informacion-excursion-candelaria-2021\/"},"author":{"name":"Pablo Reyes","@id":"https:\/\/paliodeplata.com\/tienda\/#\/schema\/person\/01d58d0c8321ef3f79c346e762a33871"},"headline":"Informaci\u00f3n excursi\u00f3n Candelaria 2021","datePublished":"2021-12-03T21:59:14+00:00","mainEntityOfPage":{"@id":"https:\/\/paliodeplata.com\/tienda\/blog\/informacion-excursion-candelaria-2021\/"},"wordCount":374,"commentCount":0,"image":{"@id":"https:\/\/paliodeplata.com\/tienda\/blog\/informacion-excursion-candelaria-2021\/#primaryimage"},"thumbnailUrl":"https:\/\/paliodeplata.com\/tienda\/wp-content\/uploads\/sites\/9\/2021\/12\/1100768A-8182-4B01-8223-F45C9A4687EE.jpeg","keywords":["candelaria","excursion"],"articleSection":["Blog"],"inLanguage":"es","potentialAction":[{"@type":"CommentAction","name":"Comment","target":["https:\/\/paliodeplata.com\/tienda\/blog\/informacion-excursion-candelaria-2021\/#respond"]}]},{"@type":"WebPage","@id":"https:\/\/paliodeplata.com\/tienda\/blog\/informacion-excursion-candelaria-2021\/","url":"https:\/\/paliodeplata.com\/tienda\/blog\/informacion-excursion-candelaria-2021\/","name":"Informaci\u00f3n excursi\u00f3n Candelaria 2021 - Tienda","isPartOf":{"@id":"https:\/\/paliodeplata.com\/tienda\/#website"},"primaryImageOfPage":{"@id":"https:\/\/paliodeplata.com\/tienda\/blog\/informacion-excursion-candelaria-2021\/#primaryimage"},"image":{"@id":"https:\/\/paliodeplata.com\/tienda\/blog\/informacion-excursion-candelaria-2021\/#primaryimage"},"thumbnailUrl":"https:\/\/paliodeplata.com\/tienda\/wp-content\/uploads\/sites\/9\/2021\/12\/1100768A-8182-4B01-8223-F45C9A4687EE.jpeg","datePublished":"2021-12-03T21:59:14+00:00","author":{"@id":"https:\/\/paliodeplata.com\/tienda\/#\/schema\/person\/01d58d0c8321ef3f79c346e762a33871"},"breadcrumb":{"@id":"https:\/\/paliodeplata.com\/tienda\/blog\/informacion-excursion-candelaria-2021\/#breadcrumb"},"inLanguage":"es","potentialAction":[{"@type":"ReadAction","target":["https:\/\/paliodeplata.com\/tienda\/blog\/informacion-excursion-candelaria-2021\/"]}]},{"@type":"ImageObject","inLanguage":"es","@id":"https:\/\/paliodeplata.com\/tienda\/blog\/informacion-excursion-candelaria-2021\/#primaryimage","url":"https:\/\/paliodeplata.com\/tienda\/wp-content\/uploads\/sites\/9\/2021\/12\/1100768A-8182-4B01-8223-F45C9A4687EE.jpeg","contentUrl":"https:\/\/paliodeplata.com\/tienda\/wp-content\/uploads\/sites\/9\/2021\/12\/1100768A-8182-4B01-8223-F45C9A4687EE.jpeg","width":1024,"height":768},{"@type":"BreadcrumbList","@id":"https:\/\/paliodeplata.com\/tienda\/blog\/informacion-excursion-candelaria-2021\/#breadcrumb","itemListElement":[{"@type":"ListItem","position":1,"name":"Portada","item":"https:\/\/paliodeplata.com\/tienda\/"},{"@type":"ListItem","position":2,"name":"Informaci\u00f3n excursi\u00f3n Candelaria 2021"}]},{"@type":"WebSite","@id":"https:\/\/paliodeplata.com\/tienda\/#website","url":"https:\/\/paliodeplata.com\/tienda\/","name":"Tienda","description":"Palio de Plata","potentialAction":[{"@type":"SearchAction","target":{"@type":"EntryPoint","urlTemplate":"https:\/\/paliodeplata.com\/tienda\/?s={search_term_string}"},"query-input":{"@type":"PropertyValueSpecification","valueRequired":true,"valueName":"search_term_string"}}],"inLanguage":"es"},{"@type":"Person","@id":"https:\/\/paliodeplata.com\/tienda\/#\/schema\/person\/01d58d0c8321ef3f79c346e762a33871","name":"Pablo Reyes","image":{"@type":"ImageObject","inLanguage":"es","@id":"https:\/\/paliodeplata.com\/tienda\/#\/schema\/person\/image\/13dcd76db099b19363aaec579beb1edc","url":"https:\/\/secure.gravatar.com\/avatar\/b062b4c37d5cc64871bb98f7c1b57fe4e036cfd0784b30c21f5b2c8fe63c2bc7?s=96&d=mm&r=g","contentUrl":"https:\/\/secure.gravatar.com\/avatar\/b062b4c37d5cc64871bb98f7c1b57fe4e036cfd0784b30c21f5b2c8fe63c2bc7?s=96&d=mm&r=g","caption":"Pablo Reyes"},"description":"Presidente de la Asociaci\u00f3n Cultural Palio de Plata. Fot\u00f3grafo y en proceso de ingeniero","sameAs":["https:\/\/www.instagram.com\/zehcnassurfero"],"url":"https:\/\/paliodeplata.com\/tienda\/author\/pablo\/"}]}},"authors":[{"term_id":67,"user_id":1,"is_guest":0,"slug":"pablo","display_name":"Pablo Reyes","avatar_url":"https:\/\/secure.gravatar.com\/avatar\/b062b4c37d5cc64871bb98f7c1b57fe4e036cfd0784b30c21f5b2c8fe63c2bc7?s=96&d=mm&r=g","author_category":"","user_url":"","last_name":"Reyes","first_name":"Pablo","job_title":"","description":"Presidente de la Asociaci\u00f3n Cultural Palio de Plata. Fot\u00f3grafo y en proceso de ingeniero"}],"_links":{"self":[{"href":"https:\/\/paliodeplata.com\/tienda\/wp-json\/wp\/v2\/posts\/7227","targetHints":{"allow":["GET"]}}],"collection":[{"href":"https:\/\/paliodeplata.com\/tienda\/wp-json\/wp\/v2\/posts"}],"about":[{"href":"https:\/\/paliodeplata.com\/tienda\/wp-json\/wp\/v2\/types\/post"}],"author":[{"embeddable":true,"href":"https:\/\/paliodeplata.com\/tienda\/wp-json\/wp\/v2\/users\/1"}],"replies":[{"embeddable":true,"href":"https:\/\/paliodeplata.com\/tienda\/wp-json\/wp\/v2\/comments?post=7227"}],"version-history":[{"count":1,"href":"https:\/\/paliodeplata.com\/tienda\/wp-json\/wp\/v2\/posts\/7227\/revisions"}],"predecessor-version":[{"id":7230,"href":"https:\/\/paliodeplata.com\/tienda\/wp-json\/wp\/v2\/posts\/7227\/revisions\/7230"}],"wp:featuredmedia":[{"embeddable":true,"href":"https:\/\/paliodeplata.com\/tienda\/wp-json\/wp\/v2\/media\/7228"}],"wp:attachment":[{"href":"https:\/\/paliodeplata.com\/tienda\/wp-json\/wp\/v2\/media?parent=7227"}],"wp:term":[{"taxonomy":"category","embeddable":true,"href":"https:\/\/paliodeplata.com\/tienda\/wp-json\/wp\/v2\/categories?post=7227"},{"taxonomy":"post_tag","embeddable":true,"href":"https:\/\/paliodeplata.com\/tienda\/wp-json\/wp\/v2\/tags?post=7227"},{"taxonomy":"author","embeddable":true,"href":"https:\/\/paliodeplata.com\/tienda\/wp-json\/wp\/v2\/ppma_author?post=7227"}],"curies":[{"name":"wp","href":"https:\/\/api.w.org\/{rel}","templated":true}]}}