{"id":7270,"date":"2022-04-15T20:36:18","date_gmt":"2022-04-15T18:36:18","guid":{"rendered":"https:\/\/paliodeplata.com\/tienda\/?p=7270"},"modified":"2022-04-16T12:33:42","modified_gmt":"2022-04-16T10:33:42","slug":"horas-e-itinerarios-sabado-santo-sevilla-2022","status":"publish","type":"post","link":"https:\/\/paliodeplata.com\/tienda\/blog\/horas-e-itinerarios-sabado-santo-sevilla-2022\/","title":{"rendered":"Horarios e itinerarios S\u00e1bado Santo Sevilla 2022"},"content":{"rendered":"<p><img loading=\"lazy\" decoding=\"async\" class=\"aligncenter size-full wp-image-7286\" src=\"https:\/\/paliodeplata.com\/tienda\/wp-content\/uploads\/sites\/9\/2022\/04\/Captura-de-Pantalla-2022-04-16-a-las-12.26.05.png\" alt=\"\" width=\"2404\" height=\"1686\" srcset=\"https:\/\/paliodeplata.com\/tienda\/wp-content\/uploads\/sites\/9\/2022\/04\/Captura-de-Pantalla-2022-04-16-a-las-12.26.05.png 2404w, https:\/\/paliodeplata.com\/tienda\/wp-content\/uploads\/sites\/9\/2022\/04\/Captura-de-Pantalla-2022-04-16-a-las-12.26.05-300x210.png 300w, https:\/\/paliodeplata.com\/tienda\/wp-content\/uploads\/sites\/9\/2022\/04\/Captura-de-Pantalla-2022-04-16-a-las-12.26.05-1024x718.png 1024w, https:\/\/paliodeplata.com\/tienda\/wp-content\/uploads\/sites\/9\/2022\/04\/Captura-de-Pantalla-2022-04-16-a-las-12.26.05-768x539.png 768w, https:\/\/paliodeplata.com\/tienda\/wp-content\/uploads\/sites\/9\/2022\/04\/Captura-de-Pantalla-2022-04-16-a-las-12.26.05-1536x1077.png 1536w, https:\/\/paliodeplata.com\/tienda\/wp-content\/uploads\/sites\/9\/2022\/04\/Captura-de-Pantalla-2022-04-16-a-las-12.26.05-2048x1436.png 2048w, https:\/\/paliodeplata.com\/tienda\/wp-content\/uploads\/sites\/9\/2022\/04\/Captura-de-Pantalla-2022-04-16-a-las-12.26.05-1320x926.png 1320w, https:\/\/paliodeplata.com\/tienda\/wp-content\/uploads\/sites\/9\/2022\/04\/Captura-de-Pantalla-2022-04-16-a-las-12.26.05-555x389.png 555w\" sizes=\"auto, (max-width: 2404px) 100vw, 2404px\" \/><\/p>\n<p>La Semana Santa de Sevilla de 2022 encara su recta final con cinco cofrad\u00edas en la calle. La primera en salir y recorrer en la Carrera Oficial ser\u00e1 la Hermandad del Sol, e inmediatamente despu\u00e9s lo har\u00e1 Los Servitas.<\/p>\n<p>Posteriormente desde la Bas\u00edlica de Mar\u00eda Auxiliadora, saldr\u00e1n los tres pasos que preceden a la Hermandad del Santo Entierro.\u00a0La \u00faltima cofrad\u00eda que recorrer\u00e1 la Carrera Oficial este S\u00e1bado Santo ser\u00e1 la Soledad de San Lorenzo<\/p>\n<h2>Hermandad del Sol<\/h2>\n<p>La Hermandad del Sol sufre este a\u00f1o una modificaci\u00f3n de su recorrido por las obras del tranv\u00eda.<\/p>\n<p>El primer paso representa al <strong>Santo Cristo Var\u00f3n de Dolores de la Divina Misericord\u00eda<\/strong> vivo con los estigmas de la Pasi\u00f3n y abraza con su mano izquierda la cruz y con un pie pisa la calavera de Ad\u00e1n, que enuncia el pecado.<\/p>\n<p>El segundo paso es la sagrada conversaci\u00f3n entre <strong>Nuestra Se\u00f1ora del Sol, San Juan Evangelista y Mar\u00eda Magdalena<\/strong> bajo palio.<\/p>\n<h3>Itinerario<\/h3>\n<p><strong>Salida (12.45h)<\/strong>, Plaza del Aljarafe, Virgen del Sol, Avi\u00f3n Cuatro Vientos, Enramadilla, avda. de La Buhaira, Clara Campoamor, Campamento, calle San Bernardo, avda. de Eduardo Dato, puente de San Bernardo, Puerta de la Carne, Santa Mar\u00eda la Blanca, San Jos\u00e9, plaza Ntro. P. Jes\u00fas de la Salud, plaza Ram\u00f3n Ybarra Llosent, Mu\u00f1oz y Pab\u00f3n, Cabeza del Rey Don Pedro, Candilejo, calle Alfalfa, Jes\u00fas de las Tres Ca\u00eddas, Cuesta del Rosario, Villegas, \u00c1lvarez Quintero, Entre C\u00e1rceles, Francisco Bruna, plaza de San Francisco, Granada, plaza Nueva, Tetu\u00e1n, Vel\u00e1zquez, O\u2019Donnell, <strong>CARRERA OFICIAL (17.15h)<\/strong>, plaza del Triunfo, Miguel Ma\u00f1ara, plaza de La Contrataci\u00f3n, San Gregorio, plaza Puerta de Jerez, San Fernando, plaza Don Juan de Austria, avda. de Men\u00e9ndez Pelayo, plaza Alcaldesa Soledad Becerril, avda. de M\u00e1laga, Periodista Emilio Segura, Jazmineras, Clara Campoamor, avda. de La Buhaira, Enramadilla, Avi\u00f3n Cuatro Vientos, Virgen del Sol y plaza del Aljarafe, <strong>Entrada\u00a0\u00faltimo paso (23.00h)<\/strong><\/p>\n<p><img loading=\"lazy\" decoding=\"async\" class=\"aligncenter size-full wp-image-7273\" src=\"https:\/\/paliodeplata.com\/tienda\/wp-content\/uploads\/sites\/9\/2022\/04\/imagenes-Sol_1231987829_82908720_667x375.jpg\" alt=\"\" width=\"667\" height=\"375\" srcset=\"https:\/\/paliodeplata.com\/tienda\/wp-content\/uploads\/sites\/9\/2022\/04\/imagenes-Sol_1231987829_82908720_667x375.jpg 667w, https:\/\/paliodeplata.com\/tienda\/wp-content\/uploads\/sites\/9\/2022\/04\/imagenes-Sol_1231987829_82908720_667x375-300x169.jpg 300w, https:\/\/paliodeplata.com\/tienda\/wp-content\/uploads\/sites\/9\/2022\/04\/imagenes-Sol_1231987829_82908720_667x375-555x312.jpg 555w\" sizes=\"auto, (max-width: 667px) 100vw, 667px\" \/><\/p>\n<h2>Los Servitas<\/h2>\n<p>Los Servitas anticipa su hora de salida de la Capilla de los Dolores, pero su horario de entrada ser\u00e1 el mismo. Est\u00e1 previsto que a las 22.45h el palio de la Virgen de la Soledad haga su entrada.<\/p>\n<p>El primer paso escenifica el <strong>pasaje de la Piedad en la que Nuestra Se\u00f1ora de los Dolores tiene en su regazo al Cristo de la Providencia<\/strong> al pie de la cruz.<\/p>\n<p>El segundo paso es <strong>Mar\u00eda Sant\u00edsima de la Soledad<\/strong>.<\/p>\n<h3>Itinerario<\/h3>\n<p><strong>Salida (15.20h)<\/strong>, Siete Dolores de Nuestra Se\u00f1ora, plaza de San Marcos, Bustos Tavera, Do\u00f1a Mar\u00eda Coronel, Due\u00f1as, Santa \u00c1ngela de la Cruz, Alc\u00e1zares, plaza de la Encarnaci\u00f3n (lado este), Lara\u00f1a, Orfila, Javier Lasso de la Vega, Trajano, plaza del Duque de la Victoria, <strong>CARRERA OFICIAL (17.40h)<\/strong>, Cardenal Carlos Amigo, Alemanes, \u00c1lvarez Quintero, Argote de Molina, Placentines, Francos, Cuesta del Rosario, Jes\u00fas de las Tres Ca\u00eddas, Odreros, Boteros, Sales y Ferr\u00e9, plaza del Cristo de Burgos, Do\u00f1a Mar\u00eda Coronel, Bustos Tavera, plaza de San Marcos, Vergara, plaza de Santa Isabel y Siete Dolores de Nuestra Se\u00f1ora, <strong>Entrada \u00faltimo paso (22.45h)<\/strong><\/p>\n<p><img loading=\"lazy\" decoding=\"async\" class=\"aligncenter size-full wp-image-7276\" src=\"https:\/\/paliodeplata.com\/tienda\/wp-content\/uploads\/sites\/9\/2022\/04\/los-servitas.jpg\" alt=\"\" width=\"1503\" height=\"833\" srcset=\"https:\/\/paliodeplata.com\/tienda\/wp-content\/uploads\/sites\/9\/2022\/04\/los-servitas.jpg 1503w, https:\/\/paliodeplata.com\/tienda\/wp-content\/uploads\/sites\/9\/2022\/04\/los-servitas-300x166.jpg 300w, https:\/\/paliodeplata.com\/tienda\/wp-content\/uploads\/sites\/9\/2022\/04\/los-servitas-1024x568.jpg 1024w, https:\/\/paliodeplata.com\/tienda\/wp-content\/uploads\/sites\/9\/2022\/04\/los-servitas-768x426.jpg 768w, https:\/\/paliodeplata.com\/tienda\/wp-content\/uploads\/sites\/9\/2022\/04\/los-servitas-1320x732.jpg 1320w, https:\/\/paliodeplata.com\/tienda\/wp-content\/uploads\/sites\/9\/2022\/04\/los-servitas-555x308.jpg 555w\" sizes=\"auto, (max-width: 1503px) 100vw, 1503px\" \/><\/p>\n<h2>La Trinidad<\/h2>\n<p>La Hermandad de la Trinidad tiene dos cambios de recorrido este a\u00f1o, en concreto a la vuelta por la bas\u00edlica de Mar\u00eda Auxiliadora. En primer lugar, la cofrad\u00eda no pasar\u00e1 por la estrechez de Francos y dar\u00e1 un rodeo. Y en segundo lugar, dejar\u00e1 de pasar por la zona de San Ildefonso o Carri\u00f3n Mej\u00edas, en este caso lo har\u00e1 por Boteros, Sal\u00e9s y Ferr\u00e9, Plaza De San Pedro, Almirante Apodaca, Juan de Mesa, para luego seguir por su recorrido habitual.<\/p>\n<p>La hermandad realiza la estaci\u00f3n de penitencia a la catedral con tres pasos.\u00a0 El primero de ello representa la alegor\u00eda del <strong>Sagrado Decreto, <\/strong>con Dios Padre, Hijo (con la cruz) y Esp\u00edritu Santo sobre un trono de \u00e1ngeles. Completando la escena aparece la <strong>Iglesia dormida<\/strong> (simbolizada en una matrona), los <strong>cuatro padres de la Iglesia Latina<\/strong> ( San Agust\u00edn, San Ambrosio, San Gregorio y San Jer\u00f3nimo), entre ellos, un \u00e1ngel que simboliza <strong>el amor divino<\/strong>, la Fe (cubierto con un velo) y <strong>la alegor\u00eda de la exclusi\u00f3n del mal<\/strong> (representada por el arc\u00e1ngel San Miguel matando el drag\u00f3n del pecado).<\/p>\n<h3>Itinerario<\/h3>\n<p><strong>Salida (15.10h)<\/strong>, comp\u00e1s de la Bas\u00edlica, Mar\u00eda Auxiliadora, Mateos, Valle, J\u00e1uregui, plaza Padre Jer\u00f3nimo de C\u00f3rdoba, plaza Ponce de Le\u00f3n, Juan de Mesa, Almirante Apodaca, plaza de San Pedro, Imagen, plaza de la Encarnaci\u00f3n, Lara\u00f1a, Orfila, Javier Lasso de la Vega, Trajano, plaza del Duque de la Victoria, <strong>CARRERA OFICIAL (18.15h)<\/strong>, Cardenal Carlos Amigo, Alemanes, \u00c1lvarez Quintero, Argote de Molina, Placentines, Francos, Chapineros, \u00c1lvarez Quintero, Villegas, Cuesta del Rosario, Jes\u00fas de las Tres Ca\u00eddas, Odreros, Boteros, Sales y Ferr\u00e9, plaza del Cristo de Burgos, Almirante Apodaca, Juan de Mesa, plaza Ponce de Le\u00f3n, Escuelas P\u00edas, Pinto,Gallos, Butr\u00f3n, Ver\u00f3nica, Cristo de las Cinco Llagas, Sol, Madre Isabel de la Trinidad, Mar\u00eda Auxiliadora y comp\u00e1s de la Bas\u00edlica, <strong>Entrada \u00faltimo paso (1.30h)<\/strong>.<\/p>\n<p><img loading=\"lazy\" decoding=\"async\" class=\"aligncenter size-full wp-image-7277\" src=\"https:\/\/paliodeplata.com\/tienda\/wp-content\/uploads\/sites\/9\/2022\/04\/Trinidad_1347476357_98675959_667x375.jpg\" alt=\"\" width=\"667\" height=\"375\" srcset=\"https:\/\/paliodeplata.com\/tienda\/wp-content\/uploads\/sites\/9\/2022\/04\/Trinidad_1347476357_98675959_667x375.jpg 667w, https:\/\/paliodeplata.com\/tienda\/wp-content\/uploads\/sites\/9\/2022\/04\/Trinidad_1347476357_98675959_667x375-300x169.jpg 300w, https:\/\/paliodeplata.com\/tienda\/wp-content\/uploads\/sites\/9\/2022\/04\/Trinidad_1347476357_98675959_667x375-555x312.jpg 555w\" sizes=\"auto, (max-width: 667px) 100vw, 667px\" \/><\/p>\n<h2>Santo Entierro<\/h2>\n<p>Una de las hermandades con el recorrido m\u00e1s corto de este S\u00e1bado Santo, ser\u00e1 la pen\u00faltima en pedir la venia.<\/p>\n<p>La hermandad realiza la estaci\u00f3n de penitencia a la catedral con tres pasos. El primero de ellos representa la <strong>alegor\u00eda del triunfo cristiano de la Cruz sobre la muerte<\/strong>, simbolizado por un esqueleto meditando, sedente sobre el globo terr\u00e1queo y junto a \u00e9l un <strong>drag\u00f3n abatido que representa el pecado. Adem\u00e1s de que aparece la leyenda de &#8216;Mors mortem superavit&#8217;<\/strong> en el sudario que pende de la cruz.<\/p>\n<p>El segundo paso se muestra a <strong>Nuestro Se\u00f1or Jesucristo<\/strong> en el interior de una urna.<\/p>\n<p>En el tercer paso, se encuentra <strong>Mar\u00eda Sant\u00edsima de Villaviciosa<\/strong> recibiendo los testimonios de dolor de San Juan, las Tres Mar\u00edas y los Santos Varones por la muerte del Se\u00f1or bajo palio.<\/p>\n<h3>Itinerario<\/h3>\n<p><strong>Salida (19.00h)<\/strong>, Alfonso XII, plaza del Duque de la Victoria, <strong>CARRERA OFICIAL (19.15h)<\/strong>, Cardenal Carlos Amigo, Alemanes, Hernando Col\u00f3n, plaza de San Francisco, plaza Nueva, Tetu\u00e1n, Vel\u00e1zquez, O\u2019Donnell, Campana, plaza del Duque de la Victoria y Alfonso XII, <strong>Entrada \u00faltimo paso (23.00h)<\/strong>.<\/p>\n<p><img loading=\"lazy\" decoding=\"async\" class=\"aligncenter size-full wp-image-7277\" src=\"https:\/\/paliodeplata.com\/tienda\/wp-content\/uploads\/sites\/9\/2022\/04\/Trinidad_1347476357_98675959_667x375.jpg\" alt=\"\" width=\"667\" height=\"375\" srcset=\"https:\/\/paliodeplata.com\/tienda\/wp-content\/uploads\/sites\/9\/2022\/04\/Trinidad_1347476357_98675959_667x375.jpg 667w, https:\/\/paliodeplata.com\/tienda\/wp-content\/uploads\/sites\/9\/2022\/04\/Trinidad_1347476357_98675959_667x375-300x169.jpg 300w, https:\/\/paliodeplata.com\/tienda\/wp-content\/uploads\/sites\/9\/2022\/04\/Trinidad_1347476357_98675959_667x375-555x312.jpg 555w\" sizes=\"auto, (max-width: 667px) 100vw, 667px\" \/><\/p>\n<h2>Soledad de San Lorenzo<\/h2>\n<p>Es la cofrad\u00eda con el cortejo m\u00e1s largo de la jornada, desde el a\u00f1o 1956 es la hermandad que cierra la jornada, y as\u00ed lo hace hoy, ser\u00e1 la \u00faltima en llegar a la Catedral (21.30h). La hermandad decidi\u00f3 en cabildo habilitar un espacio en los tramos para que los hermanos impedidos puedan acompa\u00f1ar a la Virgen de la Soledad.<\/p>\n<p>La hermandad realiza la estaci\u00f3n de penitencia con un paso, con <strong>Mar\u00eda Sant\u00edsima en su Soledad al pie de la cruz<\/strong>, de la que pende un sudario. La talla es an\u00f3nima y est\u00e1 fechada entre finales del siglo XVI y principios del XVII.<\/p>\n<h3>Itinerario<\/h3>\n<p><strong>Salida (18.50h)<\/strong>, Plaza de San Lorenzo, Conde de Barajas, Jes\u00fas del Gran Poder, San Miguel, Trajano, plaza del Duque de la Victoria, <strong>CARRERA OFICIAL (19.55h)<\/strong>, Cardenal Carlos Amigo, Alemanes, \u00c1lvarez Quintero, Argote de Molina, Placentines, Francos, Chapineros, \u00c1lvarez Quintero, plaza del Salvador, Cuna, Orfila, Javier Lasso de la Vega, Aponte, Jes\u00fas del Gran Poder, Las Cortes, plaza de La Concordia, plaza de la Gavidia (lado oeste), Cardenal Sp\u00ednola y plaza de San Lorenzo, <strong>Entrada (0.15h)<\/strong>.<\/p>\n<p><img loading=\"lazy\" decoding=\"async\" class=\"aligncenter size-full wp-image-7278\" src=\"https:\/\/paliodeplata.com\/tienda\/wp-content\/uploads\/sites\/9\/2022\/04\/soledad-lorenzo.jpg\" alt=\"\" width=\"644\" height=\"367\" srcset=\"https:\/\/paliodeplata.com\/tienda\/wp-content\/uploads\/sites\/9\/2022\/04\/soledad-lorenzo.jpg 644w, https:\/\/paliodeplata.com\/tienda\/wp-content\/uploads\/sites\/9\/2022\/04\/soledad-lorenzo-300x171.jpg 300w, https:\/\/paliodeplata.com\/tienda\/wp-content\/uploads\/sites\/9\/2022\/04\/soledad-lorenzo-555x316.jpg 555w\" sizes=\"auto, (max-width: 644px) 100vw, 644px\" \/><\/p>\n","protected":false},"excerpt":{"rendered":"<p>La Semana Santa de Sevilla de 2022 encara su recta final con cinco cofrad\u00edas en la calle. La primera en salir y recorrer en la Carrera Oficial ser\u00e1 la Hermandad del Sol, e inmediatamente despu\u00e9s lo har\u00e1 Los Servitas. Posteriormente desde la Bas\u00edlica de Mar\u00eda Auxiliadora, saldr\u00e1n los tres pasos que preceden a la Hermandad [&hellip;]<\/p>\n","protected":false},"author":1,"featured_media":7241,"comment_status":"open","ping_status":"open","sticky":false,"template":"","format":"standard","meta":{"_exactmetrics_skip_tracking":false,"_exactmetrics_sitenote_active":false,"_exactmetrics_sitenote_note":"","_exactmetrics_sitenote_category":0,"footnotes":""},"categories":[24],"tags":[70,26],"ppma_author":[67],"class_list":["post-7270","post","type-post","status-publish","format-standard","has-post-thumbnail","hentry","category-blog","tag-sabado-santo","tag-sevilla"],"yoast_head":"<!-- This site is optimized with the Yoast SEO plugin v26.9 - https:\/\/yoast.com\/product\/yoast-seo-wordpress\/ -->\n<title>Horarios e itinerarios S\u00e1bado Santo Sevilla 2022 - Tienda<\/title>\n<meta name=\"robots\" content=\"index, follow, max-snippet:-1, max-image-preview:large, max-video-preview:-1\" \/>\n<link rel=\"canonical\" href=\"https:\/\/paliodeplata.com\/tienda\/blog\/horas-e-itinerarios-sabado-santo-sevilla-2022\/\" \/>\n<meta property=\"og:locale\" content=\"es_ES\" \/>\n<meta property=\"og:type\" content=\"article\" \/>\n<meta property=\"og:title\" content=\"Horarios e itinerarios S\u00e1bado Santo Sevilla 2022 - Tienda\" \/>\n<meta property=\"og:description\" content=\"La Semana Santa de Sevilla de 2022 encara su recta final con cinco cofrad\u00edas en la calle. La primera en salir y recorrer en la Carrera Oficial ser\u00e1 la Hermandad del Sol, e inmediatamente despu\u00e9s lo har\u00e1 Los Servitas. Posteriormente desde la Bas\u00edlica de Mar\u00eda Auxiliadora, saldr\u00e1n los tres pasos que preceden a la Hermandad [&hellip;]\" \/>\n<meta property=\"og:url\" content=\"https:\/\/paliodeplata.com\/tienda\/blog\/horas-e-itinerarios-sabado-santo-sevilla-2022\/\" \/>\n<meta property=\"og:site_name\" content=\"Tienda\" \/>\n<meta property=\"article:published_time\" content=\"2022-04-15T18:36:18+00:00\" \/>\n<meta property=\"article:modified_time\" content=\"2022-04-16T10:33:42+00:00\" \/>\n<meta property=\"og:image\" content=\"https:\/\/paliodeplata.com\/tienda\/wp-content\/uploads\/sites\/9\/2022\/03\/WhatsApp-Image-2022-03-25-at-3.41.56-PM.jpeg\" \/>\n\t<meta property=\"og:image:width\" content=\"1024\" \/>\n\t<meta property=\"og:image:height\" content=\"768\" \/>\n\t<meta property=\"og:image:type\" content=\"image\/jpeg\" \/>\n<meta name=\"author\" content=\"Pablo Reyes\" \/>\n<meta name=\"twitter:card\" content=\"summary_large_image\" \/>\n<meta name=\"twitter:label1\" content=\"Escrito por\" \/>\n\t<meta name=\"twitter:data1\" content=\"Pablo Reyes\" \/>\n\t<meta name=\"twitter:label2\" content=\"Tiempo de lectura\" \/>\n\t<meta name=\"twitter:data2\" content=\"6 minutos\" \/>\n<script type=\"application\/ld+json\" class=\"yoast-schema-graph\">{\"@context\":\"https:\/\/schema.org\",\"@graph\":[{\"@type\":\"Article\",\"@id\":\"https:\/\/paliodeplata.com\/tienda\/blog\/horas-e-itinerarios-sabado-santo-sevilla-2022\/#article\",\"isPartOf\":{\"@id\":\"https:\/\/paliodeplata.com\/tienda\/blog\/horas-e-itinerarios-sabado-santo-sevilla-2022\/\"},\"author\":{\"name\":\"Pablo Reyes\",\"@id\":\"https:\/\/paliodeplata.com\/tienda\/#\/schema\/person\/01d58d0c8321ef3f79c346e762a33871\"},\"headline\":\"Horarios e itinerarios S\u00e1bado Santo Sevilla 2022\",\"datePublished\":\"2022-04-15T18:36:18+00:00\",\"dateModified\":\"2022-04-16T10:33:42+00:00\",\"mainEntityOfPage\":{\"@id\":\"https:\/\/paliodeplata.com\/tienda\/blog\/horas-e-itinerarios-sabado-santo-sevilla-2022\/\"},\"wordCount\":1269,\"commentCount\":0,\"image\":{\"@id\":\"https:\/\/paliodeplata.com\/tienda\/blog\/horas-e-itinerarios-sabado-santo-sevilla-2022\/#primaryimage\"},\"thumbnailUrl\":\"https:\/\/paliodeplata.com\/tienda\/wp-content\/uploads\/sites\/9\/2022\/03\/WhatsApp-Image-2022-03-25-at-3.41.56-PM.jpeg\",\"keywords\":[\"S\u00e1bado Santo\",\"sevilla\"],\"articleSection\":[\"Blog\"],\"inLanguage\":\"es\",\"potentialAction\":[{\"@type\":\"CommentAction\",\"name\":\"Comment\",\"target\":[\"https:\/\/paliodeplata.com\/tienda\/blog\/horas-e-itinerarios-sabado-santo-sevilla-2022\/#respond\"]}]},{\"@type\":\"WebPage\",\"@id\":\"https:\/\/paliodeplata.com\/tienda\/blog\/horas-e-itinerarios-sabado-santo-sevilla-2022\/\",\"url\":\"https:\/\/paliodeplata.com\/tienda\/blog\/horas-e-itinerarios-sabado-santo-sevilla-2022\/\",\"name\":\"Horarios e itinerarios S\u00e1bado Santo Sevilla 2022 - Tienda\",\"isPartOf\":{\"@id\":\"https:\/\/paliodeplata.com\/tienda\/#website\"},\"primaryImageOfPage\":{\"@id\":\"https:\/\/paliodeplata.com\/tienda\/blog\/horas-e-itinerarios-sabado-santo-sevilla-2022\/#primaryimage\"},\"image\":{\"@id\":\"https:\/\/paliodeplata.com\/tienda\/blog\/horas-e-itinerarios-sabado-santo-sevilla-2022\/#primaryimage\"},\"thumbnailUrl\":\"https:\/\/paliodeplata.com\/tienda\/wp-content\/uploads\/sites\/9\/2022\/03\/WhatsApp-Image-2022-03-25-at-3.41.56-PM.jpeg\",\"datePublished\":\"2022-04-15T18:36:18+00:00\",\"dateModified\":\"2022-04-16T10:33:42+00:00\",\"author\":{\"@id\":\"https:\/\/paliodeplata.com\/tienda\/#\/schema\/person\/01d58d0c8321ef3f79c346e762a33871\"},\"breadcrumb\":{\"@id\":\"https:\/\/paliodeplata.com\/tienda\/blog\/horas-e-itinerarios-sabado-santo-sevilla-2022\/#breadcrumb\"},\"inLanguage\":\"es\",\"potentialAction\":[{\"@type\":\"ReadAction\",\"target\":[\"https:\/\/paliodeplata.com\/tienda\/blog\/horas-e-itinerarios-sabado-santo-sevilla-2022\/\"]}]},{\"@type\":\"ImageObject\",\"inLanguage\":\"es\",\"@id\":\"https:\/\/paliodeplata.com\/tienda\/blog\/horas-e-itinerarios-sabado-santo-sevilla-2022\/#primaryimage\",\"url\":\"https:\/\/paliodeplata.com\/tienda\/wp-content\/uploads\/sites\/9\/2022\/03\/WhatsApp-Image-2022-03-25-at-3.41.56-PM.jpeg\",\"contentUrl\":\"https:\/\/paliodeplata.com\/tienda\/wp-content\/uploads\/sites\/9\/2022\/03\/WhatsApp-Image-2022-03-25-at-3.41.56-PM.jpeg\",\"width\":1024,\"height\":768},{\"@type\":\"BreadcrumbList\",\"@id\":\"https:\/\/paliodeplata.com\/tienda\/blog\/horas-e-itinerarios-sabado-santo-sevilla-2022\/#breadcrumb\",\"itemListElement\":[{\"@type\":\"ListItem\",\"position\":1,\"name\":\"Portada\",\"item\":\"https:\/\/paliodeplata.com\/tienda\/\"},{\"@type\":\"ListItem\",\"position\":2,\"name\":\"Horarios e itinerarios S\u00e1bado Santo Sevilla 2022\"}]},{\"@type\":\"WebSite\",\"@id\":\"https:\/\/paliodeplata.com\/tienda\/#website\",\"url\":\"https:\/\/paliodeplata.com\/tienda\/\",\"name\":\"Tienda\",\"description\":\"Palio de Plata\",\"potentialAction\":[{\"@type\":\"SearchAction\",\"target\":{\"@type\":\"EntryPoint\",\"urlTemplate\":\"https:\/\/paliodeplata.com\/tienda\/?s={search_term_string}\"},\"query-input\":{\"@type\":\"PropertyValueSpecification\",\"valueRequired\":true,\"valueName\":\"search_term_string\"}}],\"inLanguage\":\"es\"},{\"@type\":\"Person\",\"@id\":\"https:\/\/paliodeplata.com\/tienda\/#\/schema\/person\/01d58d0c8321ef3f79c346e762a33871\",\"name\":\"Pablo Reyes\",\"image\":{\"@type\":\"ImageObject\",\"inLanguage\":\"es\",\"@id\":\"https:\/\/paliodeplata.com\/tienda\/#\/schema\/person\/image\/13dcd76db099b19363aaec579beb1edc\",\"url\":\"https:\/\/secure.gravatar.com\/avatar\/b062b4c37d5cc64871bb98f7c1b57fe4e036cfd0784b30c21f5b2c8fe63c2bc7?s=96&d=mm&r=g\",\"contentUrl\":\"https:\/\/secure.gravatar.com\/avatar\/b062b4c37d5cc64871bb98f7c1b57fe4e036cfd0784b30c21f5b2c8fe63c2bc7?s=96&d=mm&r=g\",\"caption\":\"Pablo Reyes\"},\"description\":\"Presidente de la Asociaci\u00f3n Cultural Palio de Plata. Fot\u00f3grafo y en proceso de ingeniero\",\"sameAs\":[\"https:\/\/www.instagram.com\/zehcnassurfero\"],\"url\":\"https:\/\/paliodeplata.com\/tienda\/author\/pablo\/\"}]}<\/script>\n<!-- \/ Yoast SEO plugin. -->","yoast_head_json":{"title":"Horarios e itinerarios S\u00e1bado Santo Sevilla 2022 - Tienda","robots":{"index":"index","follow":"follow","max-snippet":"max-snippet:-1","max-image-preview":"max-image-preview:large","max-video-preview":"max-video-preview:-1"},"canonical":"https:\/\/paliodeplata.com\/tienda\/blog\/horas-e-itinerarios-sabado-santo-sevilla-2022\/","og_locale":"es_ES","og_type":"article","og_title":"Horarios e itinerarios S\u00e1bado Santo Sevilla 2022 - Tienda","og_description":"La Semana Santa de Sevilla de 2022 encara su recta final con cinco cofrad\u00edas en la calle. La primera en salir y recorrer en la Carrera Oficial ser\u00e1 la Hermandad del Sol, e inmediatamente despu\u00e9s lo har\u00e1 Los Servitas. Posteriormente desde la Bas\u00edlica de Mar\u00eda Auxiliadora, saldr\u00e1n los tres pasos que preceden a la Hermandad [&hellip;]","og_url":"https:\/\/paliodeplata.com\/tienda\/blog\/horas-e-itinerarios-sabado-santo-sevilla-2022\/","og_site_name":"Tienda","article_published_time":"2022-04-15T18:36:18+00:00","article_modified_time":"2022-04-16T10:33:42+00:00","og_image":[{"width":1024,"height":768,"url":"https:\/\/paliodeplata.com\/tienda\/wp-content\/uploads\/sites\/9\/2022\/03\/WhatsApp-Image-2022-03-25-at-3.41.56-PM.jpeg","type":"image\/jpeg"}],"author":"Pablo Reyes","twitter_card":"summary_large_image","twitter_misc":{"Escrito por":"Pablo Reyes","Tiempo de lectura":"6 minutos"},"schema":{"@context":"https:\/\/schema.org","@graph":[{"@type":"Article","@id":"https:\/\/paliodeplata.com\/tienda\/blog\/horas-e-itinerarios-sabado-santo-sevilla-2022\/#article","isPartOf":{"@id":"https:\/\/paliodeplata.com\/tienda\/blog\/horas-e-itinerarios-sabado-santo-sevilla-2022\/"},"author":{"name":"Pablo Reyes","@id":"https:\/\/paliodeplata.com\/tienda\/#\/schema\/person\/01d58d0c8321ef3f79c346e762a33871"},"headline":"Horarios e itinerarios S\u00e1bado Santo Sevilla 2022","datePublished":"2022-04-15T18:36:18+00:00","dateModified":"2022-04-16T10:33:42+00:00","mainEntityOfPage":{"@id":"https:\/\/paliodeplata.com\/tienda\/blog\/horas-e-itinerarios-sabado-santo-sevilla-2022\/"},"wordCount":1269,"commentCount":0,"image":{"@id":"https:\/\/paliodeplata.com\/tienda\/blog\/horas-e-itinerarios-sabado-santo-sevilla-2022\/#primaryimage"},"thumbnailUrl":"https:\/\/paliodeplata.com\/tienda\/wp-content\/uploads\/sites\/9\/2022\/03\/WhatsApp-Image-2022-03-25-at-3.41.56-PM.jpeg","keywords":["S\u00e1bado Santo","sevilla"],"articleSection":["Blog"],"inLanguage":"es","potentialAction":[{"@type":"CommentAction","name":"Comment","target":["https:\/\/paliodeplata.com\/tienda\/blog\/horas-e-itinerarios-sabado-santo-sevilla-2022\/#respond"]}]},{"@type":"WebPage","@id":"https:\/\/paliodeplata.com\/tienda\/blog\/horas-e-itinerarios-sabado-santo-sevilla-2022\/","url":"https:\/\/paliodeplata.com\/tienda\/blog\/horas-e-itinerarios-sabado-santo-sevilla-2022\/","name":"Horarios e itinerarios S\u00e1bado Santo Sevilla 2022 - Tienda","isPartOf":{"@id":"https:\/\/paliodeplata.com\/tienda\/#website"},"primaryImageOfPage":{"@id":"https:\/\/paliodeplata.com\/tienda\/blog\/horas-e-itinerarios-sabado-santo-sevilla-2022\/#primaryimage"},"image":{"@id":"https:\/\/paliodeplata.com\/tienda\/blog\/horas-e-itinerarios-sabado-santo-sevilla-2022\/#primaryimage"},"thumbnailUrl":"https:\/\/paliodeplata.com\/tienda\/wp-content\/uploads\/sites\/9\/2022\/03\/WhatsApp-Image-2022-03-25-at-3.41.56-PM.jpeg","datePublished":"2022-04-15T18:36:18+00:00","dateModified":"2022-04-16T10:33:42+00:00","author":{"@id":"https:\/\/paliodeplata.com\/tienda\/#\/schema\/person\/01d58d0c8321ef3f79c346e762a33871"},"breadcrumb":{"@id":"https:\/\/paliodeplata.com\/tienda\/blog\/horas-e-itinerarios-sabado-santo-sevilla-2022\/#breadcrumb"},"inLanguage":"es","potentialAction":[{"@type":"ReadAction","target":["https:\/\/paliodeplata.com\/tienda\/blog\/horas-e-itinerarios-sabado-santo-sevilla-2022\/"]}]},{"@type":"ImageObject","inLanguage":"es","@id":"https:\/\/paliodeplata.com\/tienda\/blog\/horas-e-itinerarios-sabado-santo-sevilla-2022\/#primaryimage","url":"https:\/\/paliodeplata.com\/tienda\/wp-content\/uploads\/sites\/9\/2022\/03\/WhatsApp-Image-2022-03-25-at-3.41.56-PM.jpeg","contentUrl":"https:\/\/paliodeplata.com\/tienda\/wp-content\/uploads\/sites\/9\/2022\/03\/WhatsApp-Image-2022-03-25-at-3.41.56-PM.jpeg","width":1024,"height":768},{"@type":"BreadcrumbList","@id":"https:\/\/paliodeplata.com\/tienda\/blog\/horas-e-itinerarios-sabado-santo-sevilla-2022\/#breadcrumb","itemListElement":[{"@type":"ListItem","position":1,"name":"Portada","item":"https:\/\/paliodeplata.com\/tienda\/"},{"@type":"ListItem","position":2,"name":"Horarios e itinerarios S\u00e1bado Santo Sevilla 2022"}]},{"@type":"WebSite","@id":"https:\/\/paliodeplata.com\/tienda\/#website","url":"https:\/\/paliodeplata.com\/tienda\/","name":"Tienda","description":"Palio de Plata","potentialAction":[{"@type":"SearchAction","target":{"@type":"EntryPoint","urlTemplate":"https:\/\/paliodeplata.com\/tienda\/?s={search_term_string}"},"query-input":{"@type":"PropertyValueSpecification","valueRequired":true,"valueName":"search_term_string"}}],"inLanguage":"es"},{"@type":"Person","@id":"https:\/\/paliodeplata.com\/tienda\/#\/schema\/person\/01d58d0c8321ef3f79c346e762a33871","name":"Pablo Reyes","image":{"@type":"ImageObject","inLanguage":"es","@id":"https:\/\/paliodeplata.com\/tienda\/#\/schema\/person\/image\/13dcd76db099b19363aaec579beb1edc","url":"https:\/\/secure.gravatar.com\/avatar\/b062b4c37d5cc64871bb98f7c1b57fe4e036cfd0784b30c21f5b2c8fe63c2bc7?s=96&d=mm&r=g","contentUrl":"https:\/\/secure.gravatar.com\/avatar\/b062b4c37d5cc64871bb98f7c1b57fe4e036cfd0784b30c21f5b2c8fe63c2bc7?s=96&d=mm&r=g","caption":"Pablo Reyes"},"description":"Presidente de la Asociaci\u00f3n Cultural Palio de Plata. Fot\u00f3grafo y en proceso de ingeniero","sameAs":["https:\/\/www.instagram.com\/zehcnassurfero"],"url":"https:\/\/paliodeplata.com\/tienda\/author\/pablo\/"}]}},"authors":[{"term_id":67,"user_id":1,"is_guest":0,"slug":"pablo","display_name":"Pablo Reyes","avatar_url":"https:\/\/secure.gravatar.com\/avatar\/b062b4c37d5cc64871bb98f7c1b57fe4e036cfd0784b30c21f5b2c8fe63c2bc7?s=96&d=mm&r=g","author_category":"","user_url":"","last_name":"Reyes","first_name":"Pablo","job_title":"","description":"Presidente de la Asociaci\u00f3n Cultural Palio de Plata. Fot\u00f3grafo y en proceso de ingeniero"}],"_links":{"self":[{"href":"https:\/\/paliodeplata.com\/tienda\/wp-json\/wp\/v2\/posts\/7270","targetHints":{"allow":["GET"]}}],"collection":[{"href":"https:\/\/paliodeplata.com\/tienda\/wp-json\/wp\/v2\/posts"}],"about":[{"href":"https:\/\/paliodeplata.com\/tienda\/wp-json\/wp\/v2\/types\/post"}],"author":[{"embeddable":true,"href":"https:\/\/paliodeplata.com\/tienda\/wp-json\/wp\/v2\/users\/1"}],"replies":[{"embeddable":true,"href":"https:\/\/paliodeplata.com\/tienda\/wp-json\/wp\/v2\/comments?post=7270"}],"version-history":[{"count":12,"href":"https:\/\/paliodeplata.com\/tienda\/wp-json\/wp\/v2\/posts\/7270\/revisions"}],"predecessor-version":[{"id":7287,"href":"https:\/\/paliodeplata.com\/tienda\/wp-json\/wp\/v2\/posts\/7270\/revisions\/7287"}],"wp:featuredmedia":[{"embeddable":true,"href":"https:\/\/paliodeplata.com\/tienda\/wp-json\/wp\/v2\/media\/7241"}],"wp:attachment":[{"href":"https:\/\/paliodeplata.com\/tienda\/wp-json\/wp\/v2\/media?parent=7270"}],"wp:term":[{"taxonomy":"category","embeddable":true,"href":"https:\/\/paliodeplata.com\/tienda\/wp-json\/wp\/v2\/categories?post=7270"},{"taxonomy":"post_tag","embeddable":true,"href":"https:\/\/paliodeplata.com\/tienda\/wp-json\/wp\/v2\/tags?post=7270"},{"taxonomy":"author","embeddable":true,"href":"https:\/\/paliodeplata.com\/tienda\/wp-json\/wp\/v2\/ppma_author?post=7270"}],"curies":[{"name":"wp","href":"https:\/\/api.w.org\/{rel}","templated":true}]}}